{"id":300,"date":"2024-04-13T09:00:00","date_gmt":"2024-04-13T07:00:00","guid":{"rendered":"https:\/\/www.mastya.net\/?p=300"},"modified":"2024-04-29T15:35:52","modified_gmt":"2024-04-29T13:35:52","slug":"formation-des-jeunes-porte-drapeaux-de-lunion-federale","status":"publish","type":"post","link":"https:\/\/www.mastya.net\/index.php\/2024\/04\/13\/formation-des-jeunes-porte-drapeaux-de-lunion-federale\/","title":{"rendered":"Formation des jeunes porte-drapeaux de l\u2019Union F\u00e9d\u00e9rale"},"content":{"rendered":"\n<p>Le 13 avril 2024 une formation des jeunes porte-drapeaux de l\u2019Union F\u00e9d\u00e9rale s\u2019est d\u00e9roul\u00e9e dans la salle d\u2019honneur de la mairie de Saint-P\u00e9ray. Le pr\u00e9sident d\u00e9partemental pr\u00e9sentait, six candidats de 13 \u00e0 17 ans, \u00e0 Mr le Directeur de l\u2019ONaC ma\u00eetre d\u2019\u0153uvre de cette r\u00e9union.<\/p>\n\n\n\n<p>A l\u2019ouverture de la s\u00e9ance, Jean-Pierre GUIBERT rappelait le r\u00f4le des porte-drapeaux en ces termes : <\/p>\n\n\n\n<blockquote class=\"wp-block-quote is-layout-flow wp-block-quote-is-layout-flow\">\n<p><strong>Les jeunes porte-drapeaux engag\u00e9s au sein de notre association patriotique, jouent un r\u00f4le fondamental dans la p\u00e9rennit\u00e9 de la m\u00e9moire collective nationale. Ils accomplissent une mission hautement symbolique, en rendant hommage, au nom de la Nation, aux combattants et aux disparus.<\/strong><\/p>\n<cite>Jean-Pierre GUIBERT Pr\u00e9sident D\u00e9partemental de l&rsquo;UFAC de l&rsquo;Ard\u00e8che<\/cite><\/blockquote>\n\n\n\n<p>Le directeur de l\u2019ONAC \u00e9voquait les valeurs R\u00e9publicaines, les symboles du drapeau national ainsi que le travail de m\u00e9moire en renfor\u00e7ant l\u2019esprit patriotique. Il \u00e9num\u00e9rait les diff\u00e9rentes phases du d\u00e9roulement protocolaire des c\u00e9r\u00e9monies officielles. Les candidats ont fait part, \u00e0 tour de r\u00f4le, de leurs motivations et de leurs engagements aupr\u00e8s de l\u2019Union F\u00e9d\u00e9rale.<\/p>\n\n\n\n<p>Le pr\u00e9sident d\u00e9partemental remerciait Gaston PELISSIER, pr\u00e9sident local, pour la prise en charge de cet \u00e9v\u00e8nement avec le soutien des porte-drapeaux titulaires et les membres de la section.<\/p>\n\n\n\n<p>A noter la pr\u00e9sence du D\u00e9l\u00e9gu\u00e9 G\u00e9n\u00e9ral du Souvenir Fran\u00e7ais, Jean-Luc PAUTHE et du Maire de la commune Jacques DUBAY. Etaient excus\u00e9s Mme La Maire de Quintenas et le D\u00e9l\u00e9gu\u00e9 Militaire D\u00e9partemental.<\/p>\n\n\n\n<p>Merci \u00e0 tous pour votre engagement. Vous faites honneur au monde combattant et \u00e0 l\u2019Union F\u00e9d\u00e9rale 07.<\/p>\n\n\n\n<p><\/p>\n\n\n\n<figure class=\"wp-block-gallery has-nested-images columns-default is-cropped wp-block-gallery-1 is-layout-flex wp-block-gallery-is-layout-flex\">\n<figure class=\"wp-block-image size-large\"><img loading=\"lazy\" decoding=\"async\" width=\"450\" height=\"600\" data-id=\"302\" src=\"https:\/\/www.mastya.net\/wp-content\/uploads\/2024\/04\/436311349_7688164647969328_2878918890341833884_n.jpg\" alt=\"\" class=\"wp-image-302\" srcset=\"https:\/\/www.mastya.net\/wp-content\/uploads\/2024\/04\/436311349_7688164647969328_2878918890341833884_n.jpg 450w, https:\/\/www.mastya.net\/wp-content\/uploads\/2024\/04\/436311349_7688164647969328_2878918890341833884_n-225x300.jpg 225w\" sizes=\"auto, (max-width: 450px) 100vw, 450px\" \/><\/figure>\n\n\n\n<figure class=\"wp-block-image size-large\"><img loading=\"lazy\" decoding=\"async\" width=\"600\" height=\"450\" data-id=\"304\" src=\"https:\/\/www.mastya.net\/wp-content\/uploads\/2024\/04\/436236905_7688165704635889_6655969061550598289_n.jpg\" alt=\"\" class=\"wp-image-304\" srcset=\"https:\/\/www.mastya.net\/wp-content\/uploads\/2024\/04\/436236905_7688165704635889_6655969061550598289_n.jpg 600w, https:\/\/www.mastya.net\/wp-content\/uploads\/2024\/04\/436236905_7688165704635889_6655969061550598289_n-300x225.jpg 300w\" sizes=\"auto, (max-width: 600px) 100vw, 600px\" \/><\/figure>\n<\/figure>\n","protected":false},"excerpt":{"rendered":"<p>Le 13 avril 2024 une formation des jeunes porte-drapeaux de l\u2019Union F\u00e9d\u00e9rale s\u2019est d\u00e9roul\u00e9e dans la salle d\u2019honneur de la mairie de Saint-P\u00e9ray. Le pr\u00e9sident d\u00e9partemental pr\u00e9sentait, six candidats de 13 \u00e0 17 ans, \u00e0 Mr le Directeur de l\u2019ONaC ma\u00eetre d\u2019\u0153uvre de cette r\u00e9union. A l\u2019ouverture de la s\u00e9ance, Jean-Pierre GUIBERT rappelait le r\u00f4le [&hellip;]<\/p>\n","protected":false},"author":1,"featured_media":0,"comment_status":"closed","ping_status":"open","sticky":false,"template":"","format":"standard","meta":{"ocean_post_layout":"","ocean_both_sidebars_style":"","ocean_both_sidebars_content_width":0,"ocean_both_sidebars_sidebars_width":0,"ocean_sidebar":"","ocean_second_sidebar":"","ocean_disable_margins":"enable","ocean_add_body_class":"","ocean_shortcode_before_top_bar":"","ocean_shortcode_after_top_bar":"","ocean_shortcode_before_header":"","ocean_shortcode_after_header":"","ocean_has_shortcode":"","ocean_shortcode_after_title":"","ocean_shortcode_before_footer_widgets":"","ocean_shortcode_after_footer_widgets":"","ocean_shortcode_before_footer_bottom":"","ocean_shortcode_after_footer_bottom":"","ocean_display_top_bar":"default","ocean_display_header":"default","ocean_header_style":"","ocean_center_header_left_menu":"","ocean_custom_header_template":"","ocean_custom_logo":0,"ocean_custom_retina_logo":0,"ocean_custom_logo_max_width":0,"ocean_custom_logo_tablet_max_width":0,"ocean_custom_logo_mobile_max_width":0,"ocean_custom_logo_max_height":0,"ocean_custom_logo_tablet_max_height":0,"ocean_custom_logo_mobile_max_height":0,"ocean_header_custom_menu":"","ocean_menu_typo_font_family":"","ocean_menu_typo_font_subset":"","ocean_menu_typo_font_size":0,"ocean_menu_typo_font_size_tablet":0,"ocean_menu_typo_font_size_mobile":0,"ocean_menu_typo_font_size_unit":"px","ocean_menu_typo_font_weight":"","ocean_menu_typo_font_weight_tablet":"","ocean_menu_typo_font_weight_mobile":"","ocean_menu_typo_transform":"","ocean_menu_typo_transform_tablet":"","ocean_menu_typo_transform_mobile":"","ocean_menu_typo_line_height":0,"ocean_menu_typo_line_height_tablet":0,"ocean_menu_typo_line_height_mobile":0,"ocean_menu_typo_line_height_unit":"","ocean_menu_typo_spacing":0,"ocean_menu_typo_spacing_tablet":0,"ocean_menu_typo_spacing_mobile":0,"ocean_menu_typo_spacing_unit":"","ocean_menu_link_color":"","ocean_menu_link_color_hover":"","ocean_menu_link_color_active":"","ocean_menu_link_background":"","ocean_menu_link_hover_background":"","ocean_menu_link_active_background":"","ocean_menu_social_links_bg":"","ocean_menu_social_hover_links_bg":"","ocean_menu_social_links_color":"","ocean_menu_social_hover_links_color":"","ocean_disable_title":"default","ocean_disable_heading":"default","ocean_post_title":"","ocean_post_subheading":"","ocean_post_title_style":"","ocean_post_title_background_color":"","ocean_post_title_background":0,"ocean_post_title_bg_image_position":"","ocean_post_title_bg_image_attachment":"","ocean_post_title_bg_image_repeat":"","ocean_post_title_bg_image_size":"","ocean_post_title_height":0,"ocean_post_title_bg_overlay":0.5,"ocean_post_title_bg_overlay_color":"","ocean_disable_breadcrumbs":"default","ocean_breadcrumbs_color":"","ocean_breadcrumbs_separator_color":"","ocean_breadcrumbs_links_color":"","ocean_breadcrumbs_links_hover_color":"","ocean_display_footer_widgets":"default","ocean_display_footer_bottom":"default","ocean_custom_footer_template":"","_jetpack_memberships_contains_paid_content":false,"ocean_post_oembed":"","ocean_post_self_hosted_media":"","ocean_post_video_embed":"","ocean_link_format":"","ocean_link_format_target":"self","ocean_quote_format":"","ocean_quote_format_link":"post","ocean_gallery_link_images":"on","ocean_gallery_id":[],"footnotes":""},"categories":[6],"tags":[],"class_list":["post-300","post","type-post","status-publish","format-standard","hentry","category-informations","entry"],"jetpack_featured_media_url":"","jetpack_sharing_enabled":true,"_links":{"self":[{"href":"https:\/\/www.mastya.net\/index.php\/wp-json\/wp\/v2\/posts\/300","targetHints":{"allow":["GET"]}}],"collection":[{"href":"https:\/\/www.mastya.net\/index.php\/wp-json\/wp\/v2\/posts"}],"about":[{"href":"https:\/\/www.mastya.net\/index.php\/wp-json\/wp\/v2\/types\/post"}],"author":[{"embeddable":true,"href":"https:\/\/www.mastya.net\/index.php\/wp-json\/wp\/v2\/users\/1"}],"replies":[{"embeddable":true,"href":"https:\/\/www.mastya.net\/index.php\/wp-json\/wp\/v2\/comments?post=300"}],"version-history":[{"count":3,"href":"https:\/\/www.mastya.net\/index.php\/wp-json\/wp\/v2\/posts\/300\/revisions"}],"predecessor-version":[{"id":306,"href":"https:\/\/www.mastya.net\/index.php\/wp-json\/wp\/v2\/posts\/300\/revisions\/306"}],"wp:attachment":[{"href":"https:\/\/www.mastya.net\/index.php\/wp-json\/wp\/v2\/media?parent=300"}],"wp:term":[{"taxonomy":"category","embeddable":true,"href":"https:\/\/www.mastya.net\/index.php\/wp-json\/wp\/v2\/categories?post=300"},{"taxonomy":"post_tag","embeddable":true,"href":"https:\/\/www.mastya.net\/index.php\/wp-json\/wp\/v2\/tags?post=300"}],"curies":[{"name":"wp","href":"https:\/\/api.w.org\/{rel}","templated":true}]}}